{"id":11196,"date":"2025-07-24T07:28:51","date_gmt":"2025-07-24T07:28:51","guid":{"rendered":"https:\/\/kath-kitas-koenigsbrunn.de\/?p=11196"},"modified":"2025-07-28T16:23:39","modified_gmt":"2025-07-28T16:23:39","slug":"dankeschoen-an-unseren-elternbeirat","status":"publish","type":"post","link":"https:\/\/kath-kitas-koenigsbrunn.de\/en\/dankeschoen-an-unseren-elternbeirat","title":{"rendered":"Dankesch\u00f6n an unseren Elternbeirat"},"content":{"rendered":"<div data-elementor-type=\"wp-post\" data-elementor-id=\"11196\" class=\"elementor elementor-11196\" data-elementor-post-type=\"post\">\n\t\t\t\t\t\t<section class=\"elementor-section elementor-top-section elementor-element elementor-element-0f1b190 elementor-section-boxed elementor-section-height-default elementor-section-height-default\" data-id=\"0f1b190\" data-element_type=\"section\" data-e-type=\"section\">\n\t\t\t\t\t\t<div class=\"elementor-container elementor-column-gap-default\">\n\t\t\t\t\t<div class=\"elementor-column elementor-col-100 elementor-top-column elementor-element elementor-element-4457592\" data-id=\"4457592\" data-element_type=\"column\" data-e-type=\"column\">\n\t\t\t<div class=\"elementor-widget-wrap elementor-element-populated\">\n\t\t\t\t\t\t<div class=\"elementor-element elementor-element-e57d0b6 elementor-widget elementor-widget-heading\" data-id=\"e57d0b6\" data-element_type=\"widget\" data-e-type=\"widget\" data-widget_type=\"heading.default\">\n\t\t\t\t<div class=\"elementor-widget-container\">\n\t\t\t\t\t<h2 class=\"elementor-heading-title elementor-size-default\">Wir sagen DANKESCH\u00d6N!<\/h2>\t\t\t\t<\/div>\n\t\t\t\t<\/div>\n\t\t\t\t\t<\/div>\n\t\t<\/div>\n\t\t\t\t\t<\/div>\n\t\t<\/section>\n\t\t\t\t<section class=\"elementor-section elementor-top-section elementor-element elementor-element-3f5bc6f elementor-section-boxed elementor-section-height-default elementor-section-height-default\" data-id=\"3f5bc6f\" data-element_type=\"section\" data-e-type=\"section\">\n\t\t\t\t\t\t<div class=\"elementor-container elementor-column-gap-default\">\n\t\t\t\t\t<div class=\"elementor-column elementor-col-100 elementor-top-column elementor-element elementor-element-694d789\" data-id=\"694d789\" data-element_type=\"column\" data-e-type=\"column\">\n\t\t\t<div class=\"elementor-widget-wrap elementor-element-populated\">\n\t\t\t\t\t\t<div class=\"elementor-element elementor-element-315367a elementor-widget elementor-widget-text-editor\" data-id=\"315367a\" data-element_type=\"widget\" data-e-type=\"widget\" data-widget_type=\"text-editor.default\">\n\t\t\t\t<div class=\"elementor-widget-container\">\n\t\t\t\t\t\t\t\t\t<p style=\"text-align: center\">Unserem Elternbeirat sagen wir ein herzliches Dankesch\u00f6n f\u00fcr die gute Zusammenarbeit und Unterst\u00fctzung im vergangenem Kita-Jahr.<\/p><p><img fetchpriority=\"high\" decoding=\"async\" class=\"alignnone size-medium wp-image-11199 aligncenter\" src=\"https:\/\/kath-kitas-koenigsbrunn.de\/wp-content\/uploads\/2025\/07\/Blumenstrauss-hell-225x300.jpg\" alt=\"\" width=\"225\" height=\"300\" srcset=\"https:\/\/kath-kitas-koenigsbrunn.de\/wp-content\/uploads\/2025\/07\/Blumenstrauss-hell-225x300.jpg 225w, https:\/\/kath-kitas-koenigsbrunn.de\/wp-content\/uploads\/2025\/07\/Blumenstrauss-hell-9x12.jpg 9w, https:\/\/kath-kitas-koenigsbrunn.de\/wp-content\/uploads\/2025\/07\/Blumenstrauss-hell-230x307.jpg 230w, https:\/\/kath-kitas-koenigsbrunn.de\/wp-content\/uploads\/2025\/07\/Blumenstrauss-hell-350x467.jpg 350w, https:\/\/kath-kitas-koenigsbrunn.de\/wp-content\/uploads\/2025\/07\/Blumenstrauss-hell.jpg 480w\" sizes=\"(max-width: 225px) 100vw, 225px\" \/><\/p>\t\t\t\t\t\t\t\t<\/div>\n\t\t\t\t<\/div>\n\t\t\t\t\t<\/div>\n\t\t<\/div>\n\t\t\t\t\t<\/div>\n\t\t<\/section>\n\t\t\t\t<\/div>","protected":false},"excerpt":{"rendered":"<p>Wir sagen DANKESCH\u00d6N! Unserem Elternbeirat sagen wir ein herzliches Dankesch\u00f6n f\u00fcr die gute Zusammenarbeit und Unterst\u00fctzung im vergangenem Kita-Jahr.<\/p>","protected":false},"author":4,"featured_media":11206,"comment_status":"closed","ping_status":"open","sticky":false,"template":"elementor_header_footer","format":"standard","meta":{"footnotes":""},"categories":[1],"tags":[],"class_list":["post-11196","post","type-post","status-publish","format-standard","has-post-thumbnail","hentry","category-uncategorized"],"yoast_head":"<!-- This site is optimized with the Yoast SEO plugin v27.4 - https:\/\/yoast.com\/product\/yoast-seo-wordpress\/ -->\n<title>Dankesch\u00f6n an unseren Elternbeirat - Katholische Kitas in K&ouml;nigsbrunn<\/title>\n<meta name=\"robots\" content=\"noindex, follow\" \/>\n<meta property=\"og:locale\" content=\"en_US\" \/>\n<meta property=\"og:type\" content=\"article\" \/>\n<meta property=\"og:title\" content=\"Dankesch\u00f6n an unseren Elternbeirat - Katholische Kitas in K&ouml;nigsbrunn\" \/>\n<meta property=\"og:description\" content=\"Wir sagen DANKESCH\u00d6N! Unserem Elternbeirat sagen wir ein herzliches Dankesch\u00f6n f\u00fcr die gute Zusammenarbeit und Unterst\u00fctzung im vergangenem Kita-Jahr.\" \/>\n<meta property=\"og:url\" content=\"https:\/\/kath-kitas-koenigsbrunn.de\/en\/dankeschoen-an-unseren-elternbeirat\/\" \/>\n<meta property=\"og:site_name\" content=\"Katholische Kitas in K&ouml;nigsbrunn\" \/>\n<meta property=\"article:published_time\" content=\"2025-07-24T07:28:51+00:00\" \/>\n<meta property=\"article:modified_time\" content=\"2025-07-28T16:23:39+00:00\" \/>\n<meta property=\"og:image\" content=\"https:\/\/kath-kitas-koenigsbrunn.de\/wp-content\/uploads\/2025\/07\/thank-you-3579611_640.jpg\" \/>\n\t<meta property=\"og:image:width\" content=\"640\" \/>\n\t<meta property=\"og:image:height\" content=\"427\" \/>\n\t<meta property=\"og:image:type\" content=\"image\/jpeg\" \/>\n<meta name=\"author\" content=\"Kindertagesst\u00e4tte St. Michael\" \/>\n<meta name=\"twitter:card\" content=\"summary_large_image\" \/>\n<meta name=\"twitter:label1\" content=\"Written by\" \/>\n\t<meta name=\"twitter:data1\" content=\"Kindertagesst\u00e4tte St. Michael\" \/>\n\t<meta name=\"twitter:label2\" content=\"Est. reading time\" \/>\n\t<meta name=\"twitter:data2\" content=\"1 minute\" \/>\n<script type=\"application\/ld+json\" class=\"yoast-schema-graph\">{\"@context\":\"https:\\\/\\\/schema.org\",\"@graph\":[{\"@type\":\"Article\",\"@id\":\"https:\\\/\\\/kath-kitas-koenigsbrunn.de\\\/dankeschoen-an-unseren-elternbeirat#article\",\"isPartOf\":{\"@id\":\"https:\\\/\\\/kath-kitas-koenigsbrunn.de\\\/dankeschoen-an-unseren-elternbeirat\"},\"author\":{\"name\":\"Kindertagesst\u00e4tte St. Michael\",\"@id\":\"https:\\\/\\\/kath-kitas-koenigsbrunn.de\\\/#\\\/schema\\\/person\\\/d867cee2967474acbb4106095569e2b1\"},\"headline\":\"Dankesch\u00f6n an unseren Elternbeirat\",\"datePublished\":\"2025-07-24T07:28:51+00:00\",\"dateModified\":\"2025-07-28T16:23:39+00:00\",\"mainEntityOfPage\":{\"@id\":\"https:\\\/\\\/kath-kitas-koenigsbrunn.de\\\/dankeschoen-an-unseren-elternbeirat\"},\"wordCount\":28,\"publisher\":{\"@id\":\"https:\\\/\\\/kath-kitas-koenigsbrunn.de\\\/#organization\"},\"image\":{\"@id\":\"https:\\\/\\\/kath-kitas-koenigsbrunn.de\\\/dankeschoen-an-unseren-elternbeirat#primaryimage\"},\"thumbnailUrl\":\"https:\\\/\\\/kath-kitas-koenigsbrunn.de\\\/wp-content\\\/uploads\\\/2025\\\/07\\\/thank-you-3579611_640.jpg\",\"inLanguage\":\"en-US\"},{\"@type\":\"WebPage\",\"@id\":\"https:\\\/\\\/kath-kitas-koenigsbrunn.de\\\/dankeschoen-an-unseren-elternbeirat\",\"url\":\"https:\\\/\\\/kath-kitas-koenigsbrunn.de\\\/dankeschoen-an-unseren-elternbeirat\",\"name\":\"Dankesch\u00f6n an unseren Elternbeirat - Katholische Kitas in K&ouml;nigsbrunn\",\"isPartOf\":{\"@id\":\"https:\\\/\\\/kath-kitas-koenigsbrunn.de\\\/#website\"},\"primaryImageOfPage\":{\"@id\":\"https:\\\/\\\/kath-kitas-koenigsbrunn.de\\\/dankeschoen-an-unseren-elternbeirat#primaryimage\"},\"image\":{\"@id\":\"https:\\\/\\\/kath-kitas-koenigsbrunn.de\\\/dankeschoen-an-unseren-elternbeirat#primaryimage\"},\"thumbnailUrl\":\"https:\\\/\\\/kath-kitas-koenigsbrunn.de\\\/wp-content\\\/uploads\\\/2025\\\/07\\\/thank-you-3579611_640.jpg\",\"datePublished\":\"2025-07-24T07:28:51+00:00\",\"dateModified\":\"2025-07-28T16:23:39+00:00\",\"breadcrumb\":{\"@id\":\"https:\\\/\\\/kath-kitas-koenigsbrunn.de\\\/dankeschoen-an-unseren-elternbeirat#breadcrumb\"},\"inLanguage\":\"en-US\",\"potentialAction\":[{\"@type\":\"ReadAction\",\"target\":[\"https:\\\/\\\/kath-kitas-koenigsbrunn.de\\\/dankeschoen-an-unseren-elternbeirat\"]}]},{\"@type\":\"ImageObject\",\"inLanguage\":\"en-US\",\"@id\":\"https:\\\/\\\/kath-kitas-koenigsbrunn.de\\\/dankeschoen-an-unseren-elternbeirat#primaryimage\",\"url\":\"https:\\\/\\\/kath-kitas-koenigsbrunn.de\\\/wp-content\\\/uploads\\\/2025\\\/07\\\/thank-you-3579611_640.jpg\",\"contentUrl\":\"https:\\\/\\\/kath-kitas-koenigsbrunn.de\\\/wp-content\\\/uploads\\\/2025\\\/07\\\/thank-you-3579611_640.jpg\",\"width\":640,\"height\":427},{\"@type\":\"BreadcrumbList\",\"@id\":\"https:\\\/\\\/kath-kitas-koenigsbrunn.de\\\/dankeschoen-an-unseren-elternbeirat#breadcrumb\",\"itemListElement\":[{\"@type\":\"ListItem\",\"position\":1,\"name\":\"Startseite\",\"item\":\"https:\\\/\\\/kath-kitas-koenigsbrunn.de\\\/\"},{\"@type\":\"ListItem\",\"position\":2,\"name\":\"Dankesch\u00f6n an unseren Elternbeirat\"}]},{\"@type\":\"WebSite\",\"@id\":\"https:\\\/\\\/kath-kitas-koenigsbrunn.de\\\/#website\",\"url\":\"https:\\\/\\\/kath-kitas-koenigsbrunn.de\\\/\",\"name\":\"Katholische Kitas in K\u00f6nigsbrunn\",\"description\":\"\",\"publisher\":{\"@id\":\"https:\\\/\\\/kath-kitas-koenigsbrunn.de\\\/#organization\"},\"potentialAction\":[{\"@type\":\"SearchAction\",\"target\":{\"@type\":\"EntryPoint\",\"urlTemplate\":\"https:\\\/\\\/kath-kitas-koenigsbrunn.de\\\/?s={search_term_string}\"},\"query-input\":{\"@type\":\"PropertyValueSpecification\",\"valueRequired\":true,\"valueName\":\"search_term_string\"}}],\"inLanguage\":\"en-US\"},{\"@type\":\"Organization\",\"@id\":\"https:\\\/\\\/kath-kitas-koenigsbrunn.de\\\/#organization\",\"name\":\"Katholische KiTas in K\u00f6nigsbrunn\",\"url\":\"https:\\\/\\\/kath-kitas-koenigsbrunn.de\\\/\",\"logo\":{\"@type\":\"ImageObject\",\"inLanguage\":\"en-US\",\"@id\":\"https:\\\/\\\/kath-kitas-koenigsbrunn.de\\\/#\\\/schema\\\/logo\\\/image\\\/\",\"url\":\"https:\\\/\\\/kath-kitas-koenigsbrunn.de\\\/wp-content\\\/uploads\\\/2019\\\/11\\\/cropped-Logo-Tr\u00e4ger-Kindergarten-1.png\",\"contentUrl\":\"https:\\\/\\\/kath-kitas-koenigsbrunn.de\\\/wp-content\\\/uploads\\\/2019\\\/11\\\/cropped-Logo-Tr\u00e4ger-Kindergarten-1.png\",\"width\":512,\"height\":512,\"caption\":\"Katholische KiTas in K\u00f6nigsbrunn\"},\"image\":{\"@id\":\"https:\\\/\\\/kath-kitas-koenigsbrunn.de\\\/#\\\/schema\\\/logo\\\/image\\\/\"}},{\"@type\":\"Person\",\"@id\":\"https:\\\/\\\/kath-kitas-koenigsbrunn.de\\\/#\\\/schema\\\/person\\\/d867cee2967474acbb4106095569e2b1\",\"name\":\"Kindertagesst\u00e4tte St. Michael\",\"image\":{\"@type\":\"ImageObject\",\"inLanguage\":\"en-US\",\"@id\":\"https:\\\/\\\/secure.gravatar.com\\\/avatar\\\/4b3e9dd2e1899e8a1e0ab81a740f5194fa282c22b117f2a78436c77abbeb75b2?s=96&d=mm&r=g\",\"url\":\"https:\\\/\\\/secure.gravatar.com\\\/avatar\\\/4b3e9dd2e1899e8a1e0ab81a740f5194fa282c22b117f2a78436c77abbeb75b2?s=96&d=mm&r=g\",\"contentUrl\":\"https:\\\/\\\/secure.gravatar.com\\\/avatar\\\/4b3e9dd2e1899e8a1e0ab81a740f5194fa282c22b117f2a78436c77abbeb75b2?s=96&d=mm&r=g\",\"caption\":\"Kindertagesst\u00e4tte St. Michael\"},\"url\":\"https:\\\/\\\/kath-kitas-koenigsbrunn.de\\\/en\\\/author\\\/kita-michael\"}]}<\/script>\n<!-- \/ Yoast SEO plugin. -->","yoast_head_json":{"title":"Dankesch\u00f6n an unseren Elternbeirat - Katholische Kitas in K&ouml;nigsbrunn","robots":{"index":"noindex","follow":"follow"},"og_locale":"en_US","og_type":"article","og_title":"Dankesch\u00f6n an unseren Elternbeirat - Katholische Kitas in K&ouml;nigsbrunn","og_description":"Wir sagen DANKESCH\u00d6N! Unserem Elternbeirat sagen wir ein herzliches Dankesch\u00f6n f\u00fcr die gute Zusammenarbeit und Unterst\u00fctzung im vergangenem Kita-Jahr.","og_url":"https:\/\/kath-kitas-koenigsbrunn.de\/en\/dankeschoen-an-unseren-elternbeirat\/","og_site_name":"Katholische Kitas in K&ouml;nigsbrunn","article_published_time":"2025-07-24T07:28:51+00:00","article_modified_time":"2025-07-28T16:23:39+00:00","og_image":[{"width":640,"height":427,"url":"https:\/\/kath-kitas-koenigsbrunn.de\/wp-content\/uploads\/2025\/07\/thank-you-3579611_640.jpg","type":"image\/jpeg"}],"author":"Kindertagesst\u00e4tte St. Michael","twitter_card":"summary_large_image","twitter_misc":{"Written by":"Kindertagesst\u00e4tte St. Michael","Est. reading time":"1 minute"},"schema":{"@context":"https:\/\/schema.org","@graph":[{"@type":"Article","@id":"https:\/\/kath-kitas-koenigsbrunn.de\/dankeschoen-an-unseren-elternbeirat#article","isPartOf":{"@id":"https:\/\/kath-kitas-koenigsbrunn.de\/dankeschoen-an-unseren-elternbeirat"},"author":{"name":"Kindertagesst\u00e4tte St. Michael","@id":"https:\/\/kath-kitas-koenigsbrunn.de\/#\/schema\/person\/d867cee2967474acbb4106095569e2b1"},"headline":"Dankesch\u00f6n an unseren Elternbeirat","datePublished":"2025-07-24T07:28:51+00:00","dateModified":"2025-07-28T16:23:39+00:00","mainEntityOfPage":{"@id":"https:\/\/kath-kitas-koenigsbrunn.de\/dankeschoen-an-unseren-elternbeirat"},"wordCount":28,"publisher":{"@id":"https:\/\/kath-kitas-koenigsbrunn.de\/#organization"},"image":{"@id":"https:\/\/kath-kitas-koenigsbrunn.de\/dankeschoen-an-unseren-elternbeirat#primaryimage"},"thumbnailUrl":"https:\/\/kath-kitas-koenigsbrunn.de\/wp-content\/uploads\/2025\/07\/thank-you-3579611_640.jpg","inLanguage":"en-US"},{"@type":"WebPage","@id":"https:\/\/kath-kitas-koenigsbrunn.de\/dankeschoen-an-unseren-elternbeirat","url":"https:\/\/kath-kitas-koenigsbrunn.de\/dankeschoen-an-unseren-elternbeirat","name":"Dankesch\u00f6n an unseren Elternbeirat - Katholische Kitas in K&ouml;nigsbrunn","isPartOf":{"@id":"https:\/\/kath-kitas-koenigsbrunn.de\/#website"},"primaryImageOfPage":{"@id":"https:\/\/kath-kitas-koenigsbrunn.de\/dankeschoen-an-unseren-elternbeirat#primaryimage"},"image":{"@id":"https:\/\/kath-kitas-koenigsbrunn.de\/dankeschoen-an-unseren-elternbeirat#primaryimage"},"thumbnailUrl":"https:\/\/kath-kitas-koenigsbrunn.de\/wp-content\/uploads\/2025\/07\/thank-you-3579611_640.jpg","datePublished":"2025-07-24T07:28:51+00:00","dateModified":"2025-07-28T16:23:39+00:00","breadcrumb":{"@id":"https:\/\/kath-kitas-koenigsbrunn.de\/dankeschoen-an-unseren-elternbeirat#breadcrumb"},"inLanguage":"en-US","potentialAction":[{"@type":"ReadAction","target":["https:\/\/kath-kitas-koenigsbrunn.de\/dankeschoen-an-unseren-elternbeirat"]}]},{"@type":"ImageObject","inLanguage":"en-US","@id":"https:\/\/kath-kitas-koenigsbrunn.de\/dankeschoen-an-unseren-elternbeirat#primaryimage","url":"https:\/\/kath-kitas-koenigsbrunn.de\/wp-content\/uploads\/2025\/07\/thank-you-3579611_640.jpg","contentUrl":"https:\/\/kath-kitas-koenigsbrunn.de\/wp-content\/uploads\/2025\/07\/thank-you-3579611_640.jpg","width":640,"height":427},{"@type":"BreadcrumbList","@id":"https:\/\/kath-kitas-koenigsbrunn.de\/dankeschoen-an-unseren-elternbeirat#breadcrumb","itemListElement":[{"@type":"ListItem","position":1,"name":"Startseite","item":"https:\/\/kath-kitas-koenigsbrunn.de\/"},{"@type":"ListItem","position":2,"name":"Dankesch\u00f6n an unseren Elternbeirat"}]},{"@type":"WebSite","@id":"https:\/\/kath-kitas-koenigsbrunn.de\/#website","url":"https:\/\/kath-kitas-koenigsbrunn.de\/","name":"Catholic day-care centers in K\u00f6nigsbrunn","description":"","publisher":{"@id":"https:\/\/kath-kitas-koenigsbrunn.de\/#organization"},"potentialAction":[{"@type":"SearchAction","target":{"@type":"EntryPoint","urlTemplate":"https:\/\/kath-kitas-koenigsbrunn.de\/?s={search_term_string}"},"query-input":{"@type":"PropertyValueSpecification","valueRequired":true,"valueName":"search_term_string"}}],"inLanguage":"en-US"},{"@type":"Organization","@id":"https:\/\/kath-kitas-koenigsbrunn.de\/#organization","name":"Katholische KiTas in K\u00f6nigsbrunn","url":"https:\/\/kath-kitas-koenigsbrunn.de\/","logo":{"@type":"ImageObject","inLanguage":"en-US","@id":"https:\/\/kath-kitas-koenigsbrunn.de\/#\/schema\/logo\/image\/","url":"https:\/\/kath-kitas-koenigsbrunn.de\/wp-content\/uploads\/2019\/11\/cropped-Logo-Tr\u00e4ger-Kindergarten-1.png","contentUrl":"https:\/\/kath-kitas-koenigsbrunn.de\/wp-content\/uploads\/2019\/11\/cropped-Logo-Tr\u00e4ger-Kindergarten-1.png","width":512,"height":512,"caption":"Katholische KiTas in K\u00f6nigsbrunn"},"image":{"@id":"https:\/\/kath-kitas-koenigsbrunn.de\/#\/schema\/logo\/image\/"}},{"@type":"Person","@id":"https:\/\/kath-kitas-koenigsbrunn.de\/#\/schema\/person\/d867cee2967474acbb4106095569e2b1","name":"Day care center St. Michael","image":{"@type":"ImageObject","inLanguage":"en-US","@id":"https:\/\/secure.gravatar.com\/avatar\/4b3e9dd2e1899e8a1e0ab81a740f5194fa282c22b117f2a78436c77abbeb75b2?s=96&d=mm&r=g","url":"https:\/\/secure.gravatar.com\/avatar\/4b3e9dd2e1899e8a1e0ab81a740f5194fa282c22b117f2a78436c77abbeb75b2?s=96&d=mm&r=g","contentUrl":"https:\/\/secure.gravatar.com\/avatar\/4b3e9dd2e1899e8a1e0ab81a740f5194fa282c22b117f2a78436c77abbeb75b2?s=96&d=mm&r=g","caption":"Kindertagesst\u00e4tte St. Michael"},"url":"https:\/\/kath-kitas-koenigsbrunn.de\/en\/author\/kita-michael"}]}},"_links":{"self":[{"href":"https:\/\/kath-kitas-koenigsbrunn.de\/en\/wp-json\/wp\/v2\/posts\/11196","targetHints":{"allow":["GET"]}}],"collection":[{"href":"https:\/\/kath-kitas-koenigsbrunn.de\/en\/wp-json\/wp\/v2\/posts"}],"about":[{"href":"https:\/\/kath-kitas-koenigsbrunn.de\/en\/wp-json\/wp\/v2\/types\/post"}],"author":[{"embeddable":true,"href":"https:\/\/kath-kitas-koenigsbrunn.de\/en\/wp-json\/wp\/v2\/users\/4"}],"replies":[{"embeddable":true,"href":"https:\/\/kath-kitas-koenigsbrunn.de\/en\/wp-json\/wp\/v2\/comments?post=11196"}],"version-history":[{"count":7,"href":"https:\/\/kath-kitas-koenigsbrunn.de\/en\/wp-json\/wp\/v2\/posts\/11196\/revisions"}],"predecessor-version":[{"id":11205,"href":"https:\/\/kath-kitas-koenigsbrunn.de\/en\/wp-json\/wp\/v2\/posts\/11196\/revisions\/11205"}],"wp:featuredmedia":[{"embeddable":true,"href":"https:\/\/kath-kitas-koenigsbrunn.de\/en\/wp-json\/wp\/v2\/media\/11206"}],"wp:attachment":[{"href":"https:\/\/kath-kitas-koenigsbrunn.de\/en\/wp-json\/wp\/v2\/media?parent=11196"}],"wp:term":[{"taxonomy":"category","embeddable":true,"href":"https:\/\/kath-kitas-koenigsbrunn.de\/en\/wp-json\/wp\/v2\/categories?post=11196"},{"taxonomy":"post_tag","embeddable":true,"href":"https:\/\/kath-kitas-koenigsbrunn.de\/en\/wp-json\/wp\/v2\/tags?post=11196"}],"curies":[{"name":"wp","href":"https:\/\/api.w.org\/{rel}","templated":true}]}}