{"id":11012,"date":"2025-03-31T19:21:51","date_gmt":"2025-03-31T19:21:51","guid":{"rendered":"https:\/\/kath-kitas-koenigsbrunn.de\/?p=11012"},"modified":"2025-07-28T16:23:41","modified_gmt":"2025-07-28T16:23:41","slug":"gartentag-in-kindergarten-und-krippe","status":"publish","type":"post","link":"https:\/\/kath-kitas-koenigsbrunn.de\/en\/gartentag-in-kindergarten-und-krippe","title":{"rendered":"Gartentag in Kindergarten und Krippe"},"content":{"rendered":"<div data-elementor-type=\"wp-post\" data-elementor-id=\"11012\" class=\"elementor elementor-11012\" data-elementor-post-type=\"post\">\n\t\t\t\t\t\t<section class=\"elementor-section elementor-top-section elementor-element elementor-element-eaf9021 elementor-section-boxed elementor-section-height-default elementor-section-height-default\" data-id=\"eaf9021\" data-element_type=\"section\" data-e-type=\"section\">\n\t\t\t\t\t\t<div class=\"elementor-container elementor-column-gap-default\">\n\t\t\t\t\t<div class=\"elementor-column elementor-col-100 elementor-top-column elementor-element elementor-element-f8edc1b\" data-id=\"f8edc1b\" data-element_type=\"column\" data-e-type=\"column\">\n\t\t\t<div class=\"elementor-widget-wrap elementor-element-populated\">\n\t\t\t\t\t\t<div class=\"elementor-element elementor-element-2906398 elementor-widget elementor-widget-heading\" data-id=\"2906398\" data-element_type=\"widget\" data-e-type=\"widget\" data-widget_type=\"heading.default\">\n\t\t\t\t<div class=\"elementor-widget-container\">\n\t\t\t\t\t<h2 class=\"elementor-heading-title elementor-size-default\">Gartentag in Kindergarten und Krippe<\/h2>\t\t\t\t<\/div>\n\t\t\t\t<\/div>\n\t\t\t\t<section class=\"elementor-section elementor-inner-section elementor-element elementor-element-8085916 elementor-section-boxed elementor-section-height-default elementor-section-height-default\" data-id=\"8085916\" data-element_type=\"section\" data-e-type=\"section\">\n\t\t\t\t\t\t<div class=\"elementor-container elementor-column-gap-default\">\n\t\t\t\t\t<div class=\"elementor-column elementor-col-50 elementor-inner-column elementor-element elementor-element-46437ba\" data-id=\"46437ba\" data-element_type=\"column\" data-e-type=\"column\">\n\t\t\t<div class=\"elementor-widget-wrap elementor-element-populated\">\n\t\t\t\t\t\t<div class=\"elementor-element elementor-element-8d402d5 elementor-widget elementor-widget-text-editor\" data-id=\"8d402d5\" data-element_type=\"widget\" data-e-type=\"widget\" data-widget_type=\"text-editor.default\">\n\t\t\t\t<div class=\"elementor-widget-container\">\n\t\t\t\t\t\t\t\t\t<p>Am Samstag, den 22. M\u00e4rz wurden Dank flei\u00dfiger Helfer wieder die G\u00e4rten von Kindergarten und Krippe f\u00fcr die warme Jahreszeit fit gemacht.<\/p><p>Im Kindergarten konnten die Terrasse und die Sitzgelegenheiten von Schmutz und Unkraut befreit werden. Der gro\u00dfe Holztisch auf der Terrasse der M\u00e4usegruppe ist nun wieder voll funktionsf\u00e4hig und freut sich auf viele sch\u00f6ne Stunden im Sommer mit den Kindern. Auch die H\u00fctte mit den Fahrzeugen und Spielsachen der Kinder wurde intensiv gereinigt und nicht mehr funktionsf\u00e4hige Fahrzeuge aussortiert. Ein Papa unserer Einrichtung nimmt sich diesen Fahrzeugen an und macht sie wieder fit. Vielen Dank daf\u00fcr im Namen unserer Kinder. Nach einer St\u00e4rkung mit Semmeln, Keksen und Kaffee konnten dann auch noch die Hochbeete neu mit Erde und Humus bef\u00fcllt und wieder mit den Kr\u00e4utern bepflanzt werden.<\/p><p>Auch in der Kinderkrippe k\u00f6nnen sich die Kinder \u00fcber einen \u201efr\u00fchlingsfeinen\u201c Garten freuen. Das Unkraut wurde entfernt, die Terrasse gefegt, sowie sehr flei\u00dfig der M\u00fcll um das komplette Gel\u00e4nde der Einrichtungen (Kindergarten und Krippe) eingesammelt. Das Dach des Schuppens konnte erneuert werden und eine \u201eTankstelle\u201c zum Spielen wurde auf der S\u00fcdseite sowie eine Musikwand auf der Nordseite des Gartens angebracht. Somit verspricht der Sommer f\u00fcr die Krippenkinder spielerisch abwechslungsreich und musikalisch zu werden. In kleineren Projekten wurden und werden nun nach und nach Erdbeeren, Kr\u00e4uter und Blumen gepflanzt.<\/p><p>Wir danken den Eltern und dem Personal f\u00fcr die engagierte und liebevolle Mithilfe und freuen uns auf die sonnigen und warmen Tage in unseren G\u00e4rten.<\/p>\t\t\t\t\t\t\t\t<\/div>\n\t\t\t\t<\/div>\n\t\t\t\t\t<\/div>\n\t\t<\/div>\n\t\t\t\t<div class=\"elementor-column elementor-col-50 elementor-inner-column elementor-element elementor-element-5ea4c24\" data-id=\"5ea4c24\" data-element_type=\"column\" data-e-type=\"column\">\n\t\t\t<div class=\"elementor-widget-wrap elementor-element-populated\">\n\t\t\t\t\t\t<div class=\"elementor-element elementor-element-8ef6137 elementor-widget elementor-widget-image\" data-id=\"8ef6137\" data-element_type=\"widget\" data-e-type=\"widget\" data-widget_type=\"image.default\">\n\t\t\t\t<div class=\"elementor-widget-container\">\n\t\t\t\t\t\t\t\t\t\t\t\t\t\t\t<img fetchpriority=\"high\" decoding=\"async\" width=\"1024\" height=\"513\" src=\"https:\/\/kath-kitas-koenigsbrunn.de\/wp-content\/uploads\/2025\/03\/Bild2-1024x513.jpg\" class=\"attachment-large size-large wp-image-11013\" alt=\"\" srcset=\"https:\/\/kath-kitas-koenigsbrunn.de\/wp-content\/uploads\/2025\/03\/Bild2-1024x513.jpg 1024w, https:\/\/kath-kitas-koenigsbrunn.de\/wp-content\/uploads\/2025\/03\/Bild2-300x150.jpg 300w, https:\/\/kath-kitas-koenigsbrunn.de\/wp-content\/uploads\/2025\/03\/Bild2-768x385.jpg 768w, https:\/\/kath-kitas-koenigsbrunn.de\/wp-content\/uploads\/2025\/03\/Bild2-18x9.jpg 18w, https:\/\/kath-kitas-koenigsbrunn.de\/wp-content\/uploads\/2025\/03\/Bild2-1000x501.jpg 1000w, https:\/\/kath-kitas-koenigsbrunn.de\/wp-content\/uploads\/2025\/03\/Bild2-230x115.jpg 230w, https:\/\/kath-kitas-koenigsbrunn.de\/wp-content\/uploads\/2025\/03\/Bild2-350x175.jpg 350w, https:\/\/kath-kitas-koenigsbrunn.de\/wp-content\/uploads\/2025\/03\/Bild2-480x241.jpg 480w, https:\/\/kath-kitas-koenigsbrunn.de\/wp-content\/uploads\/2025\/03\/Bild2.jpg 1243w\" sizes=\"(max-width: 1024px) 100vw, 1024px\" \/>\t\t\t\t\t\t\t\t\t\t\t\t\t\t\t<\/div>\n\t\t\t\t<\/div>\n\t\t\t\t\t<\/div>\n\t\t<\/div>\n\t\t\t\t\t<\/div>\n\t\t<\/section>\n\t\t\t\t\t<\/div>\n\t\t<\/div>\n\t\t\t\t\t<\/div>\n\t\t<\/section>\n\t\t\t\t<\/div>","protected":false},"excerpt":{"rendered":"<p>Gartentag in Kindergarten und Krippe Am Samstag, den 22. M\u00e4rz wurden Dank flei\u00dfiger Helfer wieder die G\u00e4rten von Kindergarten und Krippe f\u00fcr [&hellip;]<\/p>\n","protected":false},"author":2,"featured_media":11013,"comment_status":"closed","ping_status":"open","sticky":false,"template":"elementor_header_footer","format":"standard","meta":{"footnotes":""},"categories":[47,48],"tags":[],"class_list":["post-11012","post","type-post","status-publish","format-standard","has-post-thumbnail","hentry","category-kindergarten-st-elisabeth","category-krippe-st-elisabeth"],"yoast_head":"<!-- This site is optimized with the Yoast SEO plugin v27.4 - https:\/\/yoast.com\/product\/yoast-seo-wordpress\/ -->\n<title>Gartentag in Kindergarten und Krippe - Katholische Kitas in K&ouml;nigsbrunn<\/title>\n<meta name=\"robots\" content=\"noindex, follow\" \/>\n<meta property=\"og:locale\" content=\"en_US\" \/>\n<meta property=\"og:type\" content=\"article\" \/>\n<meta property=\"og:title\" content=\"Gartentag in Kindergarten und Krippe - Katholische Kitas in K&ouml;nigsbrunn\" \/>\n<meta property=\"og:description\" content=\"Gartentag in Kindergarten und Krippe Am Samstag, den 22. M\u00e4rz wurden Dank flei\u00dfiger Helfer wieder die G\u00e4rten von Kindergarten und Krippe f\u00fcr [&hellip;]\" \/>\n<meta property=\"og:url\" content=\"https:\/\/kath-kitas-koenigsbrunn.de\/en\/gartentag-in-kindergarten-und-krippe\/\" \/>\n<meta property=\"og:site_name\" content=\"Katholische Kitas in K&ouml;nigsbrunn\" \/>\n<meta property=\"article:published_time\" content=\"2025-03-31T19:21:51+00:00\" \/>\n<meta property=\"article:modified_time\" content=\"2025-07-28T16:23:41+00:00\" \/>\n<meta property=\"og:image\" content=\"https:\/\/kath-kitas-koenigsbrunn.de\/wp-content\/uploads\/2025\/03\/Bild2.jpg\" \/>\n\t<meta property=\"og:image:width\" content=\"1243\" \/>\n\t<meta property=\"og:image:height\" content=\"623\" \/>\n\t<meta property=\"og:image:type\" content=\"image\/jpeg\" \/>\n<meta name=\"author\" content=\"Kindergarten St. Elisabeth\" \/>\n<meta name=\"twitter:card\" content=\"summary_large_image\" \/>\n<meta name=\"twitter:label1\" content=\"Written by\" \/>\n\t<meta name=\"twitter:data1\" content=\"Kindergarten St. Elisabeth\" \/>\n\t<meta name=\"twitter:label2\" content=\"Est. reading time\" \/>\n\t<meta name=\"twitter:data2\" content=\"2 minutes\" \/>\n<script type=\"application\/ld+json\" class=\"yoast-schema-graph\">{\"@context\":\"https:\\\/\\\/schema.org\",\"@graph\":[{\"@type\":\"Article\",\"@id\":\"https:\\\/\\\/kath-kitas-koenigsbrunn.de\\\/gartentag-in-kindergarten-und-krippe#article\",\"isPartOf\":{\"@id\":\"https:\\\/\\\/kath-kitas-koenigsbrunn.de\\\/gartentag-in-kindergarten-und-krippe\"},\"author\":{\"name\":\"Kindergarten St. Elisabeth\",\"@id\":\"https:\\\/\\\/kath-kitas-koenigsbrunn.de\\\/#\\\/schema\\\/person\\\/f53f2d289e202a7d876475e5a3a659eb\"},\"headline\":\"Gartentag in Kindergarten und Krippe\",\"datePublished\":\"2025-03-31T19:21:51+00:00\",\"dateModified\":\"2025-07-28T16:23:41+00:00\",\"mainEntityOfPage\":{\"@id\":\"https:\\\/\\\/kath-kitas-koenigsbrunn.de\\\/gartentag-in-kindergarten-und-krippe\"},\"wordCount\":274,\"publisher\":{\"@id\":\"https:\\\/\\\/kath-kitas-koenigsbrunn.de\\\/#organization\"},\"image\":{\"@id\":\"https:\\\/\\\/kath-kitas-koenigsbrunn.de\\\/gartentag-in-kindergarten-und-krippe#primaryimage\"},\"thumbnailUrl\":\"https:\\\/\\\/kath-kitas-koenigsbrunn.de\\\/wp-content\\\/uploads\\\/2025\\\/03\\\/Bild2.jpg\",\"articleSection\":[\"Kindergarten St. Elisabeth\",\"Krippe St. Elisabeth\"],\"inLanguage\":\"en-US\"},{\"@type\":\"WebPage\",\"@id\":\"https:\\\/\\\/kath-kitas-koenigsbrunn.de\\\/gartentag-in-kindergarten-und-krippe\",\"url\":\"https:\\\/\\\/kath-kitas-koenigsbrunn.de\\\/gartentag-in-kindergarten-und-krippe\",\"name\":\"Gartentag in Kindergarten und Krippe - Katholische Kitas in K&ouml;nigsbrunn\",\"isPartOf\":{\"@id\":\"https:\\\/\\\/kath-kitas-koenigsbrunn.de\\\/#website\"},\"primaryImageOfPage\":{\"@id\":\"https:\\\/\\\/kath-kitas-koenigsbrunn.de\\\/gartentag-in-kindergarten-und-krippe#primaryimage\"},\"image\":{\"@id\":\"https:\\\/\\\/kath-kitas-koenigsbrunn.de\\\/gartentag-in-kindergarten-und-krippe#primaryimage\"},\"thumbnailUrl\":\"https:\\\/\\\/kath-kitas-koenigsbrunn.de\\\/wp-content\\\/uploads\\\/2025\\\/03\\\/Bild2.jpg\",\"datePublished\":\"2025-03-31T19:21:51+00:00\",\"dateModified\":\"2025-07-28T16:23:41+00:00\",\"breadcrumb\":{\"@id\":\"https:\\\/\\\/kath-kitas-koenigsbrunn.de\\\/gartentag-in-kindergarten-und-krippe#breadcrumb\"},\"inLanguage\":\"en-US\",\"potentialAction\":[{\"@type\":\"ReadAction\",\"target\":[\"https:\\\/\\\/kath-kitas-koenigsbrunn.de\\\/gartentag-in-kindergarten-und-krippe\"]}]},{\"@type\":\"ImageObject\",\"inLanguage\":\"en-US\",\"@id\":\"https:\\\/\\\/kath-kitas-koenigsbrunn.de\\\/gartentag-in-kindergarten-und-krippe#primaryimage\",\"url\":\"https:\\\/\\\/kath-kitas-koenigsbrunn.de\\\/wp-content\\\/uploads\\\/2025\\\/03\\\/Bild2.jpg\",\"contentUrl\":\"https:\\\/\\\/kath-kitas-koenigsbrunn.de\\\/wp-content\\\/uploads\\\/2025\\\/03\\\/Bild2.jpg\",\"width\":1243,\"height\":623},{\"@type\":\"BreadcrumbList\",\"@id\":\"https:\\\/\\\/kath-kitas-koenigsbrunn.de\\\/gartentag-in-kindergarten-und-krippe#breadcrumb\",\"itemListElement\":[{\"@type\":\"ListItem\",\"position\":1,\"name\":\"Startseite\",\"item\":\"https:\\\/\\\/kath-kitas-koenigsbrunn.de\\\/\"},{\"@type\":\"ListItem\",\"position\":2,\"name\":\"Gartentag in Kindergarten und Krippe\"}]},{\"@type\":\"WebSite\",\"@id\":\"https:\\\/\\\/kath-kitas-koenigsbrunn.de\\\/#website\",\"url\":\"https:\\\/\\\/kath-kitas-koenigsbrunn.de\\\/\",\"name\":\"Katholische Kitas in K\u00f6nigsbrunn\",\"description\":\"\",\"publisher\":{\"@id\":\"https:\\\/\\\/kath-kitas-koenigsbrunn.de\\\/#organization\"},\"potentialAction\":[{\"@type\":\"SearchAction\",\"target\":{\"@type\":\"EntryPoint\",\"urlTemplate\":\"https:\\\/\\\/kath-kitas-koenigsbrunn.de\\\/?s={search_term_string}\"},\"query-input\":{\"@type\":\"PropertyValueSpecification\",\"valueRequired\":true,\"valueName\":\"search_term_string\"}}],\"inLanguage\":\"en-US\"},{\"@type\":\"Organization\",\"@id\":\"https:\\\/\\\/kath-kitas-koenigsbrunn.de\\\/#organization\",\"name\":\"Katholische KiTas in K\u00f6nigsbrunn\",\"url\":\"https:\\\/\\\/kath-kitas-koenigsbrunn.de\\\/\",\"logo\":{\"@type\":\"ImageObject\",\"inLanguage\":\"en-US\",\"@id\":\"https:\\\/\\\/kath-kitas-koenigsbrunn.de\\\/#\\\/schema\\\/logo\\\/image\\\/\",\"url\":\"https:\\\/\\\/kath-kitas-koenigsbrunn.de\\\/wp-content\\\/uploads\\\/2019\\\/11\\\/cropped-Logo-Tr\u00e4ger-Kindergarten-1.png\",\"contentUrl\":\"https:\\\/\\\/kath-kitas-koenigsbrunn.de\\\/wp-content\\\/uploads\\\/2019\\\/11\\\/cropped-Logo-Tr\u00e4ger-Kindergarten-1.png\",\"width\":512,\"height\":512,\"caption\":\"Katholische KiTas in K\u00f6nigsbrunn\"},\"image\":{\"@id\":\"https:\\\/\\\/kath-kitas-koenigsbrunn.de\\\/#\\\/schema\\\/logo\\\/image\\\/\"}},{\"@type\":\"Person\",\"@id\":\"https:\\\/\\\/kath-kitas-koenigsbrunn.de\\\/#\\\/schema\\\/person\\\/f53f2d289e202a7d876475e5a3a659eb\",\"name\":\"Kindergarten St. Elisabeth\",\"image\":{\"@type\":\"ImageObject\",\"inLanguage\":\"en-US\",\"@id\":\"https:\\\/\\\/secure.gravatar.com\\\/avatar\\\/6bd17a7bad6dd6406bde8f9211e8a3cea41725121e39267530739258dc0a12d2?s=96&d=mm&r=g\",\"url\":\"https:\\\/\\\/secure.gravatar.com\\\/avatar\\\/6bd17a7bad6dd6406bde8f9211e8a3cea41725121e39267530739258dc0a12d2?s=96&d=mm&r=g\",\"contentUrl\":\"https:\\\/\\\/secure.gravatar.com\\\/avatar\\\/6bd17a7bad6dd6406bde8f9211e8a3cea41725121e39267530739258dc0a12d2?s=96&d=mm&r=g\",\"caption\":\"Kindergarten St. Elisabeth\"},\"url\":\"https:\\\/\\\/kath-kitas-koenigsbrunn.de\\\/en\\\/author\\\/kiga-elisabeth\"}]}<\/script>\n<!-- \/ Yoast SEO plugin. -->","yoast_head_json":{"title":"Gartentag in Kindergarten und Krippe - Katholische Kitas in K&ouml;nigsbrunn","robots":{"index":"noindex","follow":"follow"},"og_locale":"en_US","og_type":"article","og_title":"Gartentag in Kindergarten und Krippe - Katholische Kitas in K&ouml;nigsbrunn","og_description":"Gartentag in Kindergarten und Krippe Am Samstag, den 22. M\u00e4rz wurden Dank flei\u00dfiger Helfer wieder die G\u00e4rten von Kindergarten und Krippe f\u00fcr [&hellip;]","og_url":"https:\/\/kath-kitas-koenigsbrunn.de\/en\/gartentag-in-kindergarten-und-krippe\/","og_site_name":"Katholische Kitas in K&ouml;nigsbrunn","article_published_time":"2025-03-31T19:21:51+00:00","article_modified_time":"2025-07-28T16:23:41+00:00","og_image":[{"width":1243,"height":623,"url":"https:\/\/kath-kitas-koenigsbrunn.de\/wp-content\/uploads\/2025\/03\/Bild2.jpg","type":"image\/jpeg"}],"author":"Kindergarten St. Elisabeth","twitter_card":"summary_large_image","twitter_misc":{"Written by":"Kindergarten St. Elisabeth","Est. reading time":"2 minutes"},"schema":{"@context":"https:\/\/schema.org","@graph":[{"@type":"Article","@id":"https:\/\/kath-kitas-koenigsbrunn.de\/gartentag-in-kindergarten-und-krippe#article","isPartOf":{"@id":"https:\/\/kath-kitas-koenigsbrunn.de\/gartentag-in-kindergarten-und-krippe"},"author":{"name":"Kindergarten St. Elisabeth","@id":"https:\/\/kath-kitas-koenigsbrunn.de\/#\/schema\/person\/f53f2d289e202a7d876475e5a3a659eb"},"headline":"Gartentag in Kindergarten und Krippe","datePublished":"2025-03-31T19:21:51+00:00","dateModified":"2025-07-28T16:23:41+00:00","mainEntityOfPage":{"@id":"https:\/\/kath-kitas-koenigsbrunn.de\/gartentag-in-kindergarten-und-krippe"},"wordCount":274,"publisher":{"@id":"https:\/\/kath-kitas-koenigsbrunn.de\/#organization"},"image":{"@id":"https:\/\/kath-kitas-koenigsbrunn.de\/gartentag-in-kindergarten-und-krippe#primaryimage"},"thumbnailUrl":"https:\/\/kath-kitas-koenigsbrunn.de\/wp-content\/uploads\/2025\/03\/Bild2.jpg","articleSection":["Kindergarten St. Elisabeth","Krippe St. Elisabeth"],"inLanguage":"en-US"},{"@type":"WebPage","@id":"https:\/\/kath-kitas-koenigsbrunn.de\/gartentag-in-kindergarten-und-krippe","url":"https:\/\/kath-kitas-koenigsbrunn.de\/gartentag-in-kindergarten-und-krippe","name":"Gartentag in Kindergarten und Krippe - Katholische Kitas in K&ouml;nigsbrunn","isPartOf":{"@id":"https:\/\/kath-kitas-koenigsbrunn.de\/#website"},"primaryImageOfPage":{"@id":"https:\/\/kath-kitas-koenigsbrunn.de\/gartentag-in-kindergarten-und-krippe#primaryimage"},"image":{"@id":"https:\/\/kath-kitas-koenigsbrunn.de\/gartentag-in-kindergarten-und-krippe#primaryimage"},"thumbnailUrl":"https:\/\/kath-kitas-koenigsbrunn.de\/wp-content\/uploads\/2025\/03\/Bild2.jpg","datePublished":"2025-03-31T19:21:51+00:00","dateModified":"2025-07-28T16:23:41+00:00","breadcrumb":{"@id":"https:\/\/kath-kitas-koenigsbrunn.de\/gartentag-in-kindergarten-und-krippe#breadcrumb"},"inLanguage":"en-US","potentialAction":[{"@type":"ReadAction","target":["https:\/\/kath-kitas-koenigsbrunn.de\/gartentag-in-kindergarten-und-krippe"]}]},{"@type":"ImageObject","inLanguage":"en-US","@id":"https:\/\/kath-kitas-koenigsbrunn.de\/gartentag-in-kindergarten-und-krippe#primaryimage","url":"https:\/\/kath-kitas-koenigsbrunn.de\/wp-content\/uploads\/2025\/03\/Bild2.jpg","contentUrl":"https:\/\/kath-kitas-koenigsbrunn.de\/wp-content\/uploads\/2025\/03\/Bild2.jpg","width":1243,"height":623},{"@type":"BreadcrumbList","@id":"https:\/\/kath-kitas-koenigsbrunn.de\/gartentag-in-kindergarten-und-krippe#breadcrumb","itemListElement":[{"@type":"ListItem","position":1,"name":"Startseite","item":"https:\/\/kath-kitas-koenigsbrunn.de\/"},{"@type":"ListItem","position":2,"name":"Gartentag in Kindergarten und Krippe"}]},{"@type":"WebSite","@id":"https:\/\/kath-kitas-koenigsbrunn.de\/#website","url":"https:\/\/kath-kitas-koenigsbrunn.de\/","name":"Catholic day-care centers in K\u00f6nigsbrunn","description":"","publisher":{"@id":"https:\/\/kath-kitas-koenigsbrunn.de\/#organization"},"potentialAction":[{"@type":"SearchAction","target":{"@type":"EntryPoint","urlTemplate":"https:\/\/kath-kitas-koenigsbrunn.de\/?s={search_term_string}"},"query-input":{"@type":"PropertyValueSpecification","valueRequired":true,"valueName":"search_term_string"}}],"inLanguage":"en-US"},{"@type":"Organization","@id":"https:\/\/kath-kitas-koenigsbrunn.de\/#organization","name":"Katholische KiTas in K\u00f6nigsbrunn","url":"https:\/\/kath-kitas-koenigsbrunn.de\/","logo":{"@type":"ImageObject","inLanguage":"en-US","@id":"https:\/\/kath-kitas-koenigsbrunn.de\/#\/schema\/logo\/image\/","url":"https:\/\/kath-kitas-koenigsbrunn.de\/wp-content\/uploads\/2019\/11\/cropped-Logo-Tr\u00e4ger-Kindergarten-1.png","contentUrl":"https:\/\/kath-kitas-koenigsbrunn.de\/wp-content\/uploads\/2019\/11\/cropped-Logo-Tr\u00e4ger-Kindergarten-1.png","width":512,"height":512,"caption":"Katholische KiTas in K\u00f6nigsbrunn"},"image":{"@id":"https:\/\/kath-kitas-koenigsbrunn.de\/#\/schema\/logo\/image\/"}},{"@type":"Person","@id":"https:\/\/kath-kitas-koenigsbrunn.de\/#\/schema\/person\/f53f2d289e202a7d876475e5a3a659eb","name":"Kindergarten St. Elisabeth","image":{"@type":"ImageObject","inLanguage":"en-US","@id":"https:\/\/secure.gravatar.com\/avatar\/6bd17a7bad6dd6406bde8f9211e8a3cea41725121e39267530739258dc0a12d2?s=96&d=mm&r=g","url":"https:\/\/secure.gravatar.com\/avatar\/6bd17a7bad6dd6406bde8f9211e8a3cea41725121e39267530739258dc0a12d2?s=96&d=mm&r=g","contentUrl":"https:\/\/secure.gravatar.com\/avatar\/6bd17a7bad6dd6406bde8f9211e8a3cea41725121e39267530739258dc0a12d2?s=96&d=mm&r=g","caption":"Kindergarten St. Elisabeth"},"url":"https:\/\/kath-kitas-koenigsbrunn.de\/en\/author\/kiga-elisabeth"}]}},"_links":{"self":[{"href":"https:\/\/kath-kitas-koenigsbrunn.de\/en\/wp-json\/wp\/v2\/posts\/11012","targetHints":{"allow":["GET"]}}],"collection":[{"href":"https:\/\/kath-kitas-koenigsbrunn.de\/en\/wp-json\/wp\/v2\/posts"}],"about":[{"href":"https:\/\/kath-kitas-koenigsbrunn.de\/en\/wp-json\/wp\/v2\/types\/post"}],"author":[{"embeddable":true,"href":"https:\/\/kath-kitas-koenigsbrunn.de\/en\/wp-json\/wp\/v2\/users\/2"}],"replies":[{"embeddable":true,"href":"https:\/\/kath-kitas-koenigsbrunn.de\/en\/wp-json\/wp\/v2\/comments?post=11012"}],"version-history":[{"count":4,"href":"https:\/\/kath-kitas-koenigsbrunn.de\/en\/wp-json\/wp\/v2\/posts\/11012\/revisions"}],"predecessor-version":[{"id":11017,"href":"https:\/\/kath-kitas-koenigsbrunn.de\/en\/wp-json\/wp\/v2\/posts\/11012\/revisions\/11017"}],"wp:featuredmedia":[{"embeddable":true,"href":"https:\/\/kath-kitas-koenigsbrunn.de\/en\/wp-json\/wp\/v2\/media\/11013"}],"wp:attachment":[{"href":"https:\/\/kath-kitas-koenigsbrunn.de\/en\/wp-json\/wp\/v2\/media?parent=11012"}],"wp:term":[{"taxonomy":"category","embeddable":true,"href":"https:\/\/kath-kitas-koenigsbrunn.de\/en\/wp-json\/wp\/v2\/categories?post=11012"},{"taxonomy":"post_tag","embeddable":true,"href":"https:\/\/kath-kitas-koenigsbrunn.de\/en\/wp-json\/wp\/v2\/tags?post=11012"}],"curies":[{"name":"wp","href":"https:\/\/api.w.org\/{rel}","templated":true}]}}