{"id":10015,"date":"2024-07-25T10:14:33","date_gmt":"2024-07-25T10:14:33","guid":{"rendered":"https:\/\/kath-kitas-koenigsbrunn.de\/?p=10015"},"modified":"2024-07-25T12:24:56","modified_gmt":"2024-07-25T12:24:56","slug":"uebergabe-der-ulrichsfische","status":"publish","type":"post","link":"https:\/\/kath-kitas-koenigsbrunn.de\/en\/uebergabe-der-ulrichsfische","title":{"rendered":"\u00dcbergabe der Ulrichsfische"},"content":{"rendered":"<div data-elementor-type=\"wp-post\" data-elementor-id=\"10015\" class=\"elementor elementor-10015\" data-elementor-post-type=\"post\">\n\t\t\t\t\t\t<section class=\"elementor-section elementor-top-section elementor-element elementor-element-0227734 elementor-section-boxed elementor-section-height-default elementor-section-height-default\" data-id=\"0227734\" data-element_type=\"section\" data-e-type=\"section\">\n\t\t\t\t\t\t<div class=\"elementor-container elementor-column-gap-default\">\n\t\t\t\t\t<div class=\"elementor-column elementor-col-100 elementor-top-column elementor-element elementor-element-6ff147a\" data-id=\"6ff147a\" data-element_type=\"column\" data-e-type=\"column\">\n\t\t\t<div class=\"elementor-widget-wrap elementor-element-populated\">\n\t\t\t\t\t\t<div class=\"elementor-element elementor-element-23321c7 elementor-widget elementor-widget-text-editor\" data-id=\"23321c7\" data-element_type=\"widget\" data-e-type=\"widget\" data-widget_type=\"text-editor.default\">\n\t\t\t\t<div class=\"elementor-widget-container\">\n\t\t\t\t\t\t\t\t\t<h1 style=\"text-align: center;\">\u00dcbergabe der Ulrichsfische an die einzelnen Kitas<\/h1>\t\t\t\t\t\t\t\t<\/div>\n\t\t\t\t<\/div>\n\t\t\t\t\t<\/div>\n\t\t<\/div>\n\t\t\t\t\t<\/div>\n\t\t<\/section>\n\t\t\t\t<section class=\"elementor-section elementor-top-section elementor-element elementor-element-8e0595c elementor-section-boxed elementor-section-height-default elementor-section-height-default\" data-id=\"8e0595c\" data-element_type=\"section\" data-e-type=\"section\">\n\t\t\t\t\t\t<div class=\"elementor-container elementor-column-gap-default\">\n\t\t\t\t\t<div class=\"elementor-column elementor-col-100 elementor-top-column elementor-element elementor-element-fe59e08\" data-id=\"fe59e08\" data-element_type=\"column\" data-e-type=\"column\">\n\t\t\t<div class=\"elementor-widget-wrap elementor-element-populated\">\n\t\t\t\t\t\t<div class=\"elementor-element elementor-element-4829649 elementor-widget elementor-widget-heading\" data-id=\"4829649\" data-element_type=\"widget\" data-e-type=\"widget\" data-widget_type=\"heading.default\">\n\t\t\t\t<div class=\"elementor-widget-container\">\n\t\t\t\t\t<h3 class=\"elementor-heading-title elementor-size-default\">\n\n\n<\/h3>\t\t\t\t<\/div>\n\t\t\t\t<\/div>\n\t\t\t\t\t<\/div>\n\t\t<\/div>\n\t\t\t\t\t<\/div>\n\t\t<\/section>\n\t\t\t\t<section class=\"elementor-section elementor-top-section elementor-element elementor-element-1cdab56 elementor-section-boxed elementor-section-height-default elementor-section-height-default\" data-id=\"1cdab56\" data-element_type=\"section\" data-e-type=\"section\">\n\t\t\t\t\t\t<div class=\"elementor-container elementor-column-gap-default\">\n\t\t\t\t\t<div class=\"elementor-column elementor-col-100 elementor-top-column elementor-element elementor-element-8f9e2c7\" data-id=\"8f9e2c7\" data-element_type=\"column\" data-e-type=\"column\">\n\t\t\t<div class=\"elementor-widget-wrap elementor-element-populated\">\n\t\t\t\t\t\t<div class=\"elementor-element elementor-element-d688170 elementor-widget elementor-widget-text-editor\" data-id=\"d688170\" data-element_type=\"widget\" data-e-type=\"widget\" data-widget_type=\"text-editor.default\">\n\t\t\t\t<div class=\"elementor-widget-container\">\n\t\t\t\t\t\t\t\t\t<p>Vor Kurzem wurde die beeindruckende Fischskulptur des Kita Zentrums, vor dem Augsburger Dom abgebaut.<\/p><p><img fetchpriority=\"high\" decoding=\"async\" class=\"aligncenter wp-image-10017 size-large\" src=\"https:\/\/s804866398.online.de\/wp-content\/uploads\/2024\/07\/1473839683-1024x684.jpg\" alt=\"\" width=\"1024\" height=\"684\" srcset=\"https:\/\/kath-kitas-koenigsbrunn.de\/wp-content\/uploads\/2024\/07\/1473839683-1024x684.jpg 1024w, https:\/\/kath-kitas-koenigsbrunn.de\/wp-content\/uploads\/2024\/07\/1473839683-300x200.jpg 300w, https:\/\/kath-kitas-koenigsbrunn.de\/wp-content\/uploads\/2024\/07\/1473839683-768x513.jpg 768w, https:\/\/kath-kitas-koenigsbrunn.de\/wp-content\/uploads\/2024\/07\/1473839683-18x12.jpg 18w, https:\/\/kath-kitas-koenigsbrunn.de\/wp-content\/uploads\/2024\/07\/1473839683-1000x668.jpg 1000w, https:\/\/kath-kitas-koenigsbrunn.de\/wp-content\/uploads\/2024\/07\/1473839683-230x154.jpg 230w, https:\/\/kath-kitas-koenigsbrunn.de\/wp-content\/uploads\/2024\/07\/1473839683-350x234.jpg 350w, https:\/\/kath-kitas-koenigsbrunn.de\/wp-content\/uploads\/2024\/07\/1473839683-480x320.jpg 480w, https:\/\/kath-kitas-koenigsbrunn.de\/wp-content\/uploads\/2024\/07\/1473839683.jpg 1200w\" sizes=\"(max-width: 1024px) 100vw, 1024px\" \/><\/p><p>Die 430 Fische, die jeweils eine katholische Kita im Bistum Augsburg repr\u00e4sentieren, wurden anschlie\u00dfend bei einer festlichen Veranstaltung im Haus St. Ulrich an die Leitungen der Kitas \u00fcbergeben. Jeder Fisch ist mit dem Namen der Kita graviert und wird dann in Zukunft sichtbar am Eingang h\u00e4ngen.<\/p><p>Wer mehr \u00fcber die Skulptur erfahren m\u00f6chte, kann sich diesen Link ansehen.<\/p><p><a href=\"https:\/\/www.katholisch1.tv\/mediathek\/video\/fischskulptur-geht-und-kommt-wieder\/\">https:\/\/www.katholisch1.tv\/mediathek\/video\/fischskulptur-geht-und-kommt-wieder\/<\/a><\/p><p><img decoding=\"async\" class=\"aligncenter wp-image-10018 size-large\" src=\"https:\/\/s804866398.online.de\/wp-content\/uploads\/2024\/07\/IMG_2158-1024x768.jpg\" alt=\"\" width=\"1024\" height=\"768\" srcset=\"https:\/\/kath-kitas-koenigsbrunn.de\/wp-content\/uploads\/2024\/07\/IMG_2158-1024x768.jpg 1024w, https:\/\/kath-kitas-koenigsbrunn.de\/wp-content\/uploads\/2024\/07\/IMG_2158-300x225.jpg 300w, https:\/\/kath-kitas-koenigsbrunn.de\/wp-content\/uploads\/2024\/07\/IMG_2158-768x576.jpg 768w, https:\/\/kath-kitas-koenigsbrunn.de\/wp-content\/uploads\/2024\/07\/IMG_2158-1536x1152.jpg 1536w, https:\/\/kath-kitas-koenigsbrunn.de\/wp-content\/uploads\/2024\/07\/IMG_2158-16x12.jpg 16w, https:\/\/kath-kitas-koenigsbrunn.de\/wp-content\/uploads\/2024\/07\/IMG_2158-1000x750.jpg 1000w, https:\/\/kath-kitas-koenigsbrunn.de\/wp-content\/uploads\/2024\/07\/IMG_2158-230x173.jpg 230w, https:\/\/kath-kitas-koenigsbrunn.de\/wp-content\/uploads\/2024\/07\/IMG_2158-350x263.jpg 350w, https:\/\/kath-kitas-koenigsbrunn.de\/wp-content\/uploads\/2024\/07\/IMG_2158-480x360.jpg 480w, https:\/\/kath-kitas-koenigsbrunn.de\/wp-content\/uploads\/2024\/07\/IMG_2158.jpg 1600w\" sizes=\"(max-width: 1024px) 100vw, 1024px\" \/><\/p><p style=\"text-align: center\">Hinten: Karin Paderi (Kita St. Ulrich), Sabine Wilhelm (Kita St. Michael), Eva-Maria Pietsch (Kita Zur G\u00f6ttlichen Vorsehung)<\/p><p style=\"text-align: center\">Vorne von links: Sonja Waidelich (Krippe St. Elisabeth), Carmen Dolgos (Kiga St. Elisabeth)<\/p><p>\u00a0<\/p><p><img decoding=\"async\" class=\"aligncenter wp-image-10016 size-large\" src=\"https:\/\/s804866398.online.de\/wp-content\/uploads\/2024\/07\/20240725_121132-1024x806.jpg\" alt=\"\" width=\"1024\" height=\"806\" srcset=\"https:\/\/kath-kitas-koenigsbrunn.de\/wp-content\/uploads\/2024\/07\/20240725_121132-1024x806.jpg 1024w, https:\/\/kath-kitas-koenigsbrunn.de\/wp-content\/uploads\/2024\/07\/20240725_121132-300x236.jpg 300w, https:\/\/kath-kitas-koenigsbrunn.de\/wp-content\/uploads\/2024\/07\/20240725_121132-768x604.jpg 768w, https:\/\/kath-kitas-koenigsbrunn.de\/wp-content\/uploads\/2024\/07\/20240725_121132-1536x1209.jpg 1536w, https:\/\/kath-kitas-koenigsbrunn.de\/wp-content\/uploads\/2024\/07\/20240725_121132-2048x1612.jpg 2048w, https:\/\/kath-kitas-koenigsbrunn.de\/wp-content\/uploads\/2024\/07\/20240725_121132-15x12.jpg 15w, https:\/\/kath-kitas-koenigsbrunn.de\/wp-content\/uploads\/2024\/07\/20240725_121132-1000x787.jpg 1000w, https:\/\/kath-kitas-koenigsbrunn.de\/wp-content\/uploads\/2024\/07\/20240725_121132-230x181.jpg 230w, https:\/\/kath-kitas-koenigsbrunn.de\/wp-content\/uploads\/2024\/07\/20240725_121132-350x275.jpg 350w, https:\/\/kath-kitas-koenigsbrunn.de\/wp-content\/uploads\/2024\/07\/20240725_121132-480x378.jpg 480w\" sizes=\"(max-width: 1024px) 100vw, 1024px\" \/><\/p>\t\t\t\t\t\t\t\t<\/div>\n\t\t\t\t<\/div>\n\t\t\t\t\t<\/div>\n\t\t<\/div>\n\t\t\t\t\t<\/div>\n\t\t<\/section>\n\t\t\t\t<\/div>","protected":false},"excerpt":{"rendered":"<p>\u00dcbergabe der Ulrichsfische an die einzelnen Kitas Vor Kurzem wurde die beeindruckende Fischskulptur des Kita Zentrums, vor dem Augsburger Dom abgebaut. Die [&hellip;]<\/p>\n","protected":false},"author":4,"featured_media":10017,"comment_status":"open","ping_status":"open","sticky":false,"template":"elementor_canvas","format":"standard","meta":{"footnotes":""},"categories":[1],"tags":[],"class_list":["post-10015","post","type-post","status-publish","format-standard","has-post-thumbnail","hentry","category-uncategorized"],"yoast_head":"<!-- This site is optimized with the Yoast SEO plugin v27.4 - https:\/\/yoast.com\/product\/yoast-seo-wordpress\/ -->\n<title>\u00dcbergabe der Ulrichsfische - Katholische Kitas in K&ouml;nigsbrunn<\/title>\n<meta name=\"robots\" content=\"noindex, follow\" \/>\n<meta property=\"og:locale\" content=\"en_US\" \/>\n<meta property=\"og:type\" content=\"article\" \/>\n<meta property=\"og:title\" content=\"\u00dcbergabe der Ulrichsfische - Katholische Kitas in K&ouml;nigsbrunn\" \/>\n<meta property=\"og:description\" content=\"\u00dcbergabe der Ulrichsfische an die einzelnen Kitas Vor Kurzem wurde die beeindruckende Fischskulptur des Kita Zentrums, vor dem Augsburger Dom abgebaut. Die [&hellip;]\" \/>\n<meta property=\"og:url\" content=\"https:\/\/kath-kitas-koenigsbrunn.de\/en\/uebergabe-der-ulrichsfische\/\" \/>\n<meta property=\"og:site_name\" content=\"Katholische Kitas in K&ouml;nigsbrunn\" \/>\n<meta property=\"article:published_time\" content=\"2024-07-25T10:14:33+00:00\" \/>\n<meta property=\"article:modified_time\" content=\"2024-07-25T12:24:56+00:00\" \/>\n<meta property=\"og:image\" content=\"https:\/\/kath-kitas-koenigsbrunn.de\/wp-content\/uploads\/2024\/07\/1473839683.jpg\" \/>\n\t<meta property=\"og:image:width\" content=\"1200\" \/>\n\t<meta property=\"og:image:height\" content=\"801\" \/>\n\t<meta property=\"og:image:type\" content=\"image\/jpeg\" \/>\n<meta name=\"author\" content=\"Kindertagesst\u00e4tte St. Michael\" \/>\n<meta name=\"twitter:card\" content=\"summary_large_image\" \/>\n<meta name=\"twitter:label1\" content=\"Written by\" \/>\n\t<meta name=\"twitter:data1\" content=\"Kindertagesst\u00e4tte St. Michael\" \/>\n\t<meta name=\"twitter:label2\" content=\"Est. reading time\" \/>\n\t<meta name=\"twitter:data2\" content=\"2 minutes\" \/>\n<script type=\"application\/ld+json\" class=\"yoast-schema-graph\">{\"@context\":\"https:\\\/\\\/schema.org\",\"@graph\":[{\"@type\":\"Article\",\"@id\":\"https:\\\/\\\/kath-kitas-koenigsbrunn.de\\\/uebergabe-der-ulrichsfische#article\",\"isPartOf\":{\"@id\":\"https:\\\/\\\/kath-kitas-koenigsbrunn.de\\\/uebergabe-der-ulrichsfische\"},\"author\":{\"name\":\"Kindertagesst\u00e4tte St. Michael\",\"@id\":\"https:\\\/\\\/kath-kitas-koenigsbrunn.de\\\/#\\\/schema\\\/person\\\/d867cee2967474acbb4106095569e2b1\"},\"headline\":\"\u00dcbergabe der Ulrichsfische\",\"datePublished\":\"2024-07-25T10:14:33+00:00\",\"dateModified\":\"2024-07-25T12:24:56+00:00\",\"mainEntityOfPage\":{\"@id\":\"https:\\\/\\\/kath-kitas-koenigsbrunn.de\\\/uebergabe-der-ulrichsfische\"},\"wordCount\":123,\"commentCount\":0,\"publisher\":{\"@id\":\"https:\\\/\\\/kath-kitas-koenigsbrunn.de\\\/#organization\"},\"image\":{\"@id\":\"https:\\\/\\\/kath-kitas-koenigsbrunn.de\\\/uebergabe-der-ulrichsfische#primaryimage\"},\"thumbnailUrl\":\"https:\\\/\\\/kath-kitas-koenigsbrunn.de\\\/wp-content\\\/uploads\\\/2024\\\/07\\\/1473839683.jpg\",\"inLanguage\":\"en-US\",\"potentialAction\":[{\"@type\":\"CommentAction\",\"name\":\"Comment\",\"target\":[\"https:\\\/\\\/kath-kitas-koenigsbrunn.de\\\/uebergabe-der-ulrichsfische#respond\"]}]},{\"@type\":\"WebPage\",\"@id\":\"https:\\\/\\\/kath-kitas-koenigsbrunn.de\\\/uebergabe-der-ulrichsfische\",\"url\":\"https:\\\/\\\/kath-kitas-koenigsbrunn.de\\\/uebergabe-der-ulrichsfische\",\"name\":\"\u00dcbergabe der Ulrichsfische - Katholische Kitas in K&ouml;nigsbrunn\",\"isPartOf\":{\"@id\":\"https:\\\/\\\/kath-kitas-koenigsbrunn.de\\\/#website\"},\"primaryImageOfPage\":{\"@id\":\"https:\\\/\\\/kath-kitas-koenigsbrunn.de\\\/uebergabe-der-ulrichsfische#primaryimage\"},\"image\":{\"@id\":\"https:\\\/\\\/kath-kitas-koenigsbrunn.de\\\/uebergabe-der-ulrichsfische#primaryimage\"},\"thumbnailUrl\":\"https:\\\/\\\/kath-kitas-koenigsbrunn.de\\\/wp-content\\\/uploads\\\/2024\\\/07\\\/1473839683.jpg\",\"datePublished\":\"2024-07-25T10:14:33+00:00\",\"dateModified\":\"2024-07-25T12:24:56+00:00\",\"breadcrumb\":{\"@id\":\"https:\\\/\\\/kath-kitas-koenigsbrunn.de\\\/uebergabe-der-ulrichsfische#breadcrumb\"},\"inLanguage\":\"en-US\",\"potentialAction\":[{\"@type\":\"ReadAction\",\"target\":[\"https:\\\/\\\/kath-kitas-koenigsbrunn.de\\\/uebergabe-der-ulrichsfische\"]}]},{\"@type\":\"ImageObject\",\"inLanguage\":\"en-US\",\"@id\":\"https:\\\/\\\/kath-kitas-koenigsbrunn.de\\\/uebergabe-der-ulrichsfische#primaryimage\",\"url\":\"https:\\\/\\\/kath-kitas-koenigsbrunn.de\\\/wp-content\\\/uploads\\\/2024\\\/07\\\/1473839683.jpg\",\"contentUrl\":\"https:\\\/\\\/kath-kitas-koenigsbrunn.de\\\/wp-content\\\/uploads\\\/2024\\\/07\\\/1473839683.jpg\",\"width\":1200,\"height\":801},{\"@type\":\"BreadcrumbList\",\"@id\":\"https:\\\/\\\/kath-kitas-koenigsbrunn.de\\\/uebergabe-der-ulrichsfische#breadcrumb\",\"itemListElement\":[{\"@type\":\"ListItem\",\"position\":1,\"name\":\"Startseite\",\"item\":\"https:\\\/\\\/kath-kitas-koenigsbrunn.de\\\/\"},{\"@type\":\"ListItem\",\"position\":2,\"name\":\"\u00dcbergabe der Ulrichsfische\"}]},{\"@type\":\"WebSite\",\"@id\":\"https:\\\/\\\/kath-kitas-koenigsbrunn.de\\\/#website\",\"url\":\"https:\\\/\\\/kath-kitas-koenigsbrunn.de\\\/\",\"name\":\"Katholische Kitas in K\u00f6nigsbrunn\",\"description\":\"\",\"publisher\":{\"@id\":\"https:\\\/\\\/kath-kitas-koenigsbrunn.de\\\/#organization\"},\"potentialAction\":[{\"@type\":\"SearchAction\",\"target\":{\"@type\":\"EntryPoint\",\"urlTemplate\":\"https:\\\/\\\/kath-kitas-koenigsbrunn.de\\\/?s={search_term_string}\"},\"query-input\":{\"@type\":\"PropertyValueSpecification\",\"valueRequired\":true,\"valueName\":\"search_term_string\"}}],\"inLanguage\":\"en-US\"},{\"@type\":\"Organization\",\"@id\":\"https:\\\/\\\/kath-kitas-koenigsbrunn.de\\\/#organization\",\"name\":\"Katholische KiTas in K\u00f6nigsbrunn\",\"url\":\"https:\\\/\\\/kath-kitas-koenigsbrunn.de\\\/\",\"logo\":{\"@type\":\"ImageObject\",\"inLanguage\":\"en-US\",\"@id\":\"https:\\\/\\\/kath-kitas-koenigsbrunn.de\\\/#\\\/schema\\\/logo\\\/image\\\/\",\"url\":\"https:\\\/\\\/kath-kitas-koenigsbrunn.de\\\/wp-content\\\/uploads\\\/2019\\\/11\\\/cropped-Logo-Tr\u00e4ger-Kindergarten-1.png\",\"contentUrl\":\"https:\\\/\\\/kath-kitas-koenigsbrunn.de\\\/wp-content\\\/uploads\\\/2019\\\/11\\\/cropped-Logo-Tr\u00e4ger-Kindergarten-1.png\",\"width\":512,\"height\":512,\"caption\":\"Katholische KiTas in K\u00f6nigsbrunn\"},\"image\":{\"@id\":\"https:\\\/\\\/kath-kitas-koenigsbrunn.de\\\/#\\\/schema\\\/logo\\\/image\\\/\"}},{\"@type\":\"Person\",\"@id\":\"https:\\\/\\\/kath-kitas-koenigsbrunn.de\\\/#\\\/schema\\\/person\\\/d867cee2967474acbb4106095569e2b1\",\"name\":\"Kindertagesst\u00e4tte St. Michael\",\"image\":{\"@type\":\"ImageObject\",\"inLanguage\":\"en-US\",\"@id\":\"https:\\\/\\\/secure.gravatar.com\\\/avatar\\\/4b3e9dd2e1899e8a1e0ab81a740f5194fa282c22b117f2a78436c77abbeb75b2?s=96&d=mm&r=g\",\"url\":\"https:\\\/\\\/secure.gravatar.com\\\/avatar\\\/4b3e9dd2e1899e8a1e0ab81a740f5194fa282c22b117f2a78436c77abbeb75b2?s=96&d=mm&r=g\",\"contentUrl\":\"https:\\\/\\\/secure.gravatar.com\\\/avatar\\\/4b3e9dd2e1899e8a1e0ab81a740f5194fa282c22b117f2a78436c77abbeb75b2?s=96&d=mm&r=g\",\"caption\":\"Kindertagesst\u00e4tte St. Michael\"},\"url\":\"https:\\\/\\\/kath-kitas-koenigsbrunn.de\\\/en\\\/author\\\/kita-michael\"}]}<\/script>\n<!-- \/ Yoast SEO plugin. -->","yoast_head_json":{"title":"\u00dcbergabe der Ulrichsfische - Katholische Kitas in K&ouml;nigsbrunn","robots":{"index":"noindex","follow":"follow"},"og_locale":"en_US","og_type":"article","og_title":"\u00dcbergabe der Ulrichsfische - Katholische Kitas in K&ouml;nigsbrunn","og_description":"\u00dcbergabe der Ulrichsfische an die einzelnen Kitas Vor Kurzem wurde die beeindruckende Fischskulptur des Kita Zentrums, vor dem Augsburger Dom abgebaut. Die [&hellip;]","og_url":"https:\/\/kath-kitas-koenigsbrunn.de\/en\/uebergabe-der-ulrichsfische\/","og_site_name":"Katholische Kitas in K&ouml;nigsbrunn","article_published_time":"2024-07-25T10:14:33+00:00","article_modified_time":"2024-07-25T12:24:56+00:00","og_image":[{"width":1200,"height":801,"url":"https:\/\/kath-kitas-koenigsbrunn.de\/wp-content\/uploads\/2024\/07\/1473839683.jpg","type":"image\/jpeg"}],"author":"Kindertagesst\u00e4tte St. Michael","twitter_card":"summary_large_image","twitter_misc":{"Written by":"Kindertagesst\u00e4tte St. Michael","Est. reading time":"2 minutes"},"schema":{"@context":"https:\/\/schema.org","@graph":[{"@type":"Article","@id":"https:\/\/kath-kitas-koenigsbrunn.de\/uebergabe-der-ulrichsfische#article","isPartOf":{"@id":"https:\/\/kath-kitas-koenigsbrunn.de\/uebergabe-der-ulrichsfische"},"author":{"name":"Kindertagesst\u00e4tte St. Michael","@id":"https:\/\/kath-kitas-koenigsbrunn.de\/#\/schema\/person\/d867cee2967474acbb4106095569e2b1"},"headline":"\u00dcbergabe der Ulrichsfische","datePublished":"2024-07-25T10:14:33+00:00","dateModified":"2024-07-25T12:24:56+00:00","mainEntityOfPage":{"@id":"https:\/\/kath-kitas-koenigsbrunn.de\/uebergabe-der-ulrichsfische"},"wordCount":123,"commentCount":0,"publisher":{"@id":"https:\/\/kath-kitas-koenigsbrunn.de\/#organization"},"image":{"@id":"https:\/\/kath-kitas-koenigsbrunn.de\/uebergabe-der-ulrichsfische#primaryimage"},"thumbnailUrl":"https:\/\/kath-kitas-koenigsbrunn.de\/wp-content\/uploads\/2024\/07\/1473839683.jpg","inLanguage":"en-US","potentialAction":[{"@type":"CommentAction","name":"Comment","target":["https:\/\/kath-kitas-koenigsbrunn.de\/uebergabe-der-ulrichsfische#respond"]}]},{"@type":"WebPage","@id":"https:\/\/kath-kitas-koenigsbrunn.de\/uebergabe-der-ulrichsfische","url":"https:\/\/kath-kitas-koenigsbrunn.de\/uebergabe-der-ulrichsfische","name":"\u00dcbergabe der Ulrichsfische - Katholische Kitas in K&ouml;nigsbrunn","isPartOf":{"@id":"https:\/\/kath-kitas-koenigsbrunn.de\/#website"},"primaryImageOfPage":{"@id":"https:\/\/kath-kitas-koenigsbrunn.de\/uebergabe-der-ulrichsfische#primaryimage"},"image":{"@id":"https:\/\/kath-kitas-koenigsbrunn.de\/uebergabe-der-ulrichsfische#primaryimage"},"thumbnailUrl":"https:\/\/kath-kitas-koenigsbrunn.de\/wp-content\/uploads\/2024\/07\/1473839683.jpg","datePublished":"2024-07-25T10:14:33+00:00","dateModified":"2024-07-25T12:24:56+00:00","breadcrumb":{"@id":"https:\/\/kath-kitas-koenigsbrunn.de\/uebergabe-der-ulrichsfische#breadcrumb"},"inLanguage":"en-US","potentialAction":[{"@type":"ReadAction","target":["https:\/\/kath-kitas-koenigsbrunn.de\/uebergabe-der-ulrichsfische"]}]},{"@type":"ImageObject","inLanguage":"en-US","@id":"https:\/\/kath-kitas-koenigsbrunn.de\/uebergabe-der-ulrichsfische#primaryimage","url":"https:\/\/kath-kitas-koenigsbrunn.de\/wp-content\/uploads\/2024\/07\/1473839683.jpg","contentUrl":"https:\/\/kath-kitas-koenigsbrunn.de\/wp-content\/uploads\/2024\/07\/1473839683.jpg","width":1200,"height":801},{"@type":"BreadcrumbList","@id":"https:\/\/kath-kitas-koenigsbrunn.de\/uebergabe-der-ulrichsfische#breadcrumb","itemListElement":[{"@type":"ListItem","position":1,"name":"Startseite","item":"https:\/\/kath-kitas-koenigsbrunn.de\/"},{"@type":"ListItem","position":2,"name":"\u00dcbergabe der Ulrichsfische"}]},{"@type":"WebSite","@id":"https:\/\/kath-kitas-koenigsbrunn.de\/#website","url":"https:\/\/kath-kitas-koenigsbrunn.de\/","name":"Catholic day-care centers in K\u00f6nigsbrunn","description":"","publisher":{"@id":"https:\/\/kath-kitas-koenigsbrunn.de\/#organization"},"potentialAction":[{"@type":"SearchAction","target":{"@type":"EntryPoint","urlTemplate":"https:\/\/kath-kitas-koenigsbrunn.de\/?s={search_term_string}"},"query-input":{"@type":"PropertyValueSpecification","valueRequired":true,"valueName":"search_term_string"}}],"inLanguage":"en-US"},{"@type":"Organization","@id":"https:\/\/kath-kitas-koenigsbrunn.de\/#organization","name":"Katholische KiTas in K\u00f6nigsbrunn","url":"https:\/\/kath-kitas-koenigsbrunn.de\/","logo":{"@type":"ImageObject","inLanguage":"en-US","@id":"https:\/\/kath-kitas-koenigsbrunn.de\/#\/schema\/logo\/image\/","url":"https:\/\/kath-kitas-koenigsbrunn.de\/wp-content\/uploads\/2019\/11\/cropped-Logo-Tr\u00e4ger-Kindergarten-1.png","contentUrl":"https:\/\/kath-kitas-koenigsbrunn.de\/wp-content\/uploads\/2019\/11\/cropped-Logo-Tr\u00e4ger-Kindergarten-1.png","width":512,"height":512,"caption":"Katholische KiTas in K\u00f6nigsbrunn"},"image":{"@id":"https:\/\/kath-kitas-koenigsbrunn.de\/#\/schema\/logo\/image\/"}},{"@type":"Person","@id":"https:\/\/kath-kitas-koenigsbrunn.de\/#\/schema\/person\/d867cee2967474acbb4106095569e2b1","name":"Day care center St. Michael","image":{"@type":"ImageObject","inLanguage":"en-US","@id":"https:\/\/secure.gravatar.com\/avatar\/4b3e9dd2e1899e8a1e0ab81a740f5194fa282c22b117f2a78436c77abbeb75b2?s=96&d=mm&r=g","url":"https:\/\/secure.gravatar.com\/avatar\/4b3e9dd2e1899e8a1e0ab81a740f5194fa282c22b117f2a78436c77abbeb75b2?s=96&d=mm&r=g","contentUrl":"https:\/\/secure.gravatar.com\/avatar\/4b3e9dd2e1899e8a1e0ab81a740f5194fa282c22b117f2a78436c77abbeb75b2?s=96&d=mm&r=g","caption":"Kindertagesst\u00e4tte St. Michael"},"url":"https:\/\/kath-kitas-koenigsbrunn.de\/en\/author\/kita-michael"}]}},"_links":{"self":[{"href":"https:\/\/kath-kitas-koenigsbrunn.de\/en\/wp-json\/wp\/v2\/posts\/10015","targetHints":{"allow":["GET"]}}],"collection":[{"href":"https:\/\/kath-kitas-koenigsbrunn.de\/en\/wp-json\/wp\/v2\/posts"}],"about":[{"href":"https:\/\/kath-kitas-koenigsbrunn.de\/en\/wp-json\/wp\/v2\/types\/post"}],"author":[{"embeddable":true,"href":"https:\/\/kath-kitas-koenigsbrunn.de\/en\/wp-json\/wp\/v2\/users\/4"}],"replies":[{"embeddable":true,"href":"https:\/\/kath-kitas-koenigsbrunn.de\/en\/wp-json\/wp\/v2\/comments?post=10015"}],"version-history":[{"count":53,"href":"https:\/\/kath-kitas-koenigsbrunn.de\/en\/wp-json\/wp\/v2\/posts\/10015\/revisions"}],"predecessor-version":[{"id":10104,"href":"https:\/\/kath-kitas-koenigsbrunn.de\/en\/wp-json\/wp\/v2\/posts\/10015\/revisions\/10104"}],"wp:featuredmedia":[{"embeddable":true,"href":"https:\/\/kath-kitas-koenigsbrunn.de\/en\/wp-json\/wp\/v2\/media\/10017"}],"wp:attachment":[{"href":"https:\/\/kath-kitas-koenigsbrunn.de\/en\/wp-json\/wp\/v2\/media?parent=10015"}],"wp:term":[{"taxonomy":"category","embeddable":true,"href":"https:\/\/kath-kitas-koenigsbrunn.de\/en\/wp-json\/wp\/v2\/categories?post=10015"},{"taxonomy":"post_tag","embeddable":true,"href":"https:\/\/kath-kitas-koenigsbrunn.de\/en\/wp-json\/wp\/v2\/tags?post=10015"}],"curies":[{"name":"wp","href":"https:\/\/api.w.org\/{rel}","templated":true}]}}